{"id":10040,"date":"2023-11-01T21:41:11","date_gmt":"2023-11-02T00:41:11","guid":{"rendered":"https:\/\/www.delexodo.com.ar\/?p=10040"},"modified":"2023-11-01T21:41:11","modified_gmt":"2023-11-02T00:41:11","slug":"massa-y-raverta-anunciaron-la-prorroga-de-la-jubilacion-anticipada","status":"publish","type":"post","link":"https:\/\/www.delexodo.com.ar\/?p=10040","title":{"rendered":"MASSA Y RAVERTA ANUNCIARON LA PR\u00d3RROGA DE LA JUBILACI\u00d3N ANTICIPADA"},"content":{"rendered":"\n<p><em>El ministro de Econom\u00eda de la Naci\u00f3n, Sergio Massa, y la directora<br>ejecutiva de ANSES, Fernanda Raverta, anunciaron hoy una pr\u00f3rroga<br>por dos a\u00f1os para acceder a la Jubilaci\u00f3n Anticipada.<\/em><\/p>\n\n\n\n<figure class=\"wp-block-embed is-type-video is-provider-youtube wp-block-embed-youtube wp-embed-aspect-16-9 wp-has-aspect-ratio\"><div class=\"wp-block-embed__wrapper\">\nhttps:\/\/www.youtube.com\/watch?v=EpPFbMI851Q\n<\/div><\/figure>\n\n\n\n<p>En este marco, Massa expres\u00f3: <em>\u201cEn un momento muy particular de<br>la Argentina en el que algunos pretenden volver al sistema de AFJP que<br>hab\u00eda bajado la cobertura del sistema jubilatorio argentino a menos del 60<br>por ciento de la poblaci\u00f3n adulta mayor, es muy importante que con<br>cuentas ordenadas y con un sistema de Seguridad Social recaudando a<br>pleno, tengamos la capacidad de proteger a aquellos sectores de la poblaci\u00f3n que necesitan del cuidado y de la protecci\u00f3n del Estado cuando<br>entran en situaci\u00f3n de vulnerabilidad\u201d<\/em>.<\/p>\n\n\n\n<p>En tanto, Raverta inform\u00f3 que <em>\u201cya est\u00e1n disponibles los turnos para<br>que puedan acercarse a nuestras oficinas y hacer el tr\u00e1mite de jubilaci\u00f3n.<br>Esperamos que hayan m\u00e1s de 20 mil personas que puedan acceder a esta<br>nueva prestaci\u00f3n\u201d<\/em>.<\/p>\n\n\n\n<p>Esta pol\u00edtica hab\u00eda sido implementada a trav\u00e9s del Decreto 674 en<br>octubre de 2021 y venci\u00f3 el pasado 30 de septiembre. Gracias a ella, m\u00e1s<br>de 23 mil personas pudieron jubilarse teniendo 30 a\u00f1os de aportes, pero<br>falt\u00e1ndoles hasta 5 a\u00f1os para cumplir la edad jubilatoria.<\/p>\n\n\n\n<p>La anterior medida reg\u00eda para trabajadores desocupados que<br>acreditaran el desempleo con una fecha anterior a junio de 2021, pero, con<br>la nueva extensi\u00f3n, el desempleo puede acreditarse hasta el 30 de junio<br>de 2023, ampliando la posibilidad de acceder a esta jubilaci\u00f3n a m\u00e1s de<br>20 mil personas en los pr\u00f3ximos 2 a\u00f1os.<\/p>\n\n\n\n<p>En este sentido, se garantiza recibir el 80 por ciento del haber<br>jubilatorio para personas desocupadas antes de la fecha mencionada, que<br>poseen 30 a\u00f1os de aportes, pero les faltan hasta 5 a\u00f1os de edad para<br>jubilarse (mujeres entre 55 y 59 a\u00f1os; varones entre 60 y 64 a\u00f1os). Cabe<br>destacar que, al cumplir la edad jubilatoria, los titulares pasan a cobrar<br>autom\u00e1ticamente la totalidad del haber.<\/p>\n\n\n\n<p>La Jubilaci\u00f3n Anticipada es incompatible con el trabajo en relaci\u00f3n<br>de dependencia o aut\u00f3nomo y con otros planes sociales o beneficios<br>previsionales.<\/p>\n","protected":false},"excerpt":{"rendered":"<p>El ministro de Econom\u00eda de la Naci\u00f3n, Sergio Massa, y la directoraejecutiva de ANSES, Fernanda Raverta, anunciaron hoy una pr\u00f3rrogapor&hellip;<\/p>\n","protected":false},"author":1,"featured_media":10038,"comment_status":"closed","ping_status":"closed","sticky":false,"template":"","format":"standard","meta":{"_joinchat":[],"footnotes":""},"categories":[65,69,349],"tags":[345],"class_list":["post-10040","post","type-post","status-publish","format-standard","has-post-thumbnail","hentry","category-destacados","category-noticias","category-politica","tag-destacar"],"yoast_head":"<!-- This site is optimized with the Yoast SEO plugin v25.1 - https:\/\/yoast.com\/wordpress\/plugins\/seo\/ -->\n<title>MASSA Y RAVERTA ANUNCIARON LA PR\u00d3RROGA DE LA JUBILACI\u00d3N ANTICIPADA - Del \u00c9xodo Nogoy\u00e1<\/title>\n<meta name=\"robots\" content=\"index, follow, max-snippet:-1, max-image-preview:large, max-video-preview:-1\" \/>\n<link rel=\"canonical\" href=\"https:\/\/www.delexodo.com.ar\/?p=10040\" \/>\n<meta property=\"og:locale\" content=\"es_ES\" \/>\n<meta property=\"og:type\" content=\"article\" \/>\n<meta property=\"og:title\" content=\"MASSA Y RAVERTA ANUNCIARON LA PR\u00d3RROGA DE LA JUBILACI\u00d3N ANTICIPADA - Del \u00c9xodo Nogoy\u00e1\" \/>\n<meta property=\"og:description\" content=\"El ministro de Econom\u00eda de la Naci\u00f3n, Sergio Massa, y la directoraejecutiva de ANSES, Fernanda Raverta, anunciaron hoy una pr\u00f3rrogapor&hellip;\" \/>\n<meta property=\"og:url\" content=\"https:\/\/www.delexodo.com.ar\/?p=10040\" \/>\n<meta property=\"og:site_name\" content=\"Del \u00c9xodo Nogoy\u00e1\" \/>\n<meta property=\"article:published_time\" content=\"2023-11-02T00:41:11+00:00\" \/>\n<meta property=\"og:image\" content=\"https:\/\/www.delexodo.com.ar\/wp-content\/uploads\/2023\/11\/MASSA-RAVERTA.jpg\" \/>\n\t<meta property=\"og:image:width\" content=\"841\" \/>\n\t<meta property=\"og:image:height\" content=\"556\" \/>\n\t<meta property=\"og:image:type\" content=\"image\/jpeg\" \/>\n<meta name=\"author\" content=\"admin\" \/>\n<meta name=\"twitter:card\" content=\"summary_large_image\" \/>\n<meta name=\"twitter:label1\" content=\"Escrito por\" \/>\n\t<meta name=\"twitter:data1\" content=\"admin\" \/>\n\t<meta name=\"twitter:label2\" content=\"Tiempo de lectura\" \/>\n\t<meta name=\"twitter:data2\" content=\"2 minutos\" \/>\n<script type=\"application\/ld+json\" class=\"yoast-schema-graph\">{\"@context\":\"https:\/\/schema.org\",\"@graph\":[{\"@type\":\"Article\",\"@id\":\"https:\/\/www.delexodo.com.ar\/?p=10040#article\",\"isPartOf\":{\"@id\":\"https:\/\/www.delexodo.com.ar\/?p=10040\"},\"author\":{\"name\":\"admin\",\"@id\":\"https:\/\/www.delexodo.com.ar\/#\/schema\/person\/bbed37f7da8e938660b34f2013ba449d\"},\"headline\":\"MASSA Y RAVERTA ANUNCIARON LA PR\u00d3RROGA DE LA JUBILACI\u00d3N ANTICIPADA\",\"datePublished\":\"2023-11-02T00:41:11+00:00\",\"mainEntityOfPage\":{\"@id\":\"https:\/\/www.delexodo.com.ar\/?p=10040\"},\"wordCount\":358,\"publisher\":{\"@id\":\"https:\/\/www.delexodo.com.ar\/#organization\"},\"image\":{\"@id\":\"https:\/\/www.delexodo.com.ar\/?p=10040#primaryimage\"},\"thumbnailUrl\":\"https:\/\/www.delexodo.com.ar\/wp-content\/uploads\/2023\/11\/MASSA-RAVERTA.jpg\",\"keywords\":[\"destacar\"],\"articleSection\":[\"Destacados\",\"NOTICIAS\",\"Politica\"],\"inLanguage\":\"es\"},{\"@type\":\"WebPage\",\"@id\":\"https:\/\/www.delexodo.com.ar\/?p=10040\",\"url\":\"https:\/\/www.delexodo.com.ar\/?p=10040\",\"name\":\"MASSA Y RAVERTA ANUNCIARON LA PR\u00d3RROGA DE LA JUBILACI\u00d3N ANTICIPADA - Del \u00c9xodo Nogoy\u00e1\",\"isPartOf\":{\"@id\":\"https:\/\/www.delexodo.com.ar\/#website\"},\"primaryImageOfPage\":{\"@id\":\"https:\/\/www.delexodo.com.ar\/?p=10040#primaryimage\"},\"image\":{\"@id\":\"https:\/\/www.delexodo.com.ar\/?p=10040#primaryimage\"},\"thumbnailUrl\":\"https:\/\/www.delexodo.com.ar\/wp-content\/uploads\/2023\/11\/MASSA-RAVERTA.jpg\",\"datePublished\":\"2023-11-02T00:41:11+00:00\",\"breadcrumb\":{\"@id\":\"https:\/\/www.delexodo.com.ar\/?p=10040#breadcrumb\"},\"inLanguage\":\"es\",\"potentialAction\":[{\"@type\":\"ReadAction\",\"target\":[\"https:\/\/www.delexodo.com.ar\/?p=10040\"]}]},{\"@type\":\"ImageObject\",\"inLanguage\":\"es\",\"@id\":\"https:\/\/www.delexodo.com.ar\/?p=10040#primaryimage\",\"url\":\"https:\/\/www.delexodo.com.ar\/wp-content\/uploads\/2023\/11\/MASSA-RAVERTA.jpg\",\"contentUrl\":\"https:\/\/www.delexodo.com.ar\/wp-content\/uploads\/2023\/11\/MASSA-RAVERTA.jpg\",\"width\":841,\"height\":556},{\"@type\":\"BreadcrumbList\",\"@id\":\"https:\/\/www.delexodo.com.ar\/?p=10040#breadcrumb\",\"itemListElement\":[{\"@type\":\"ListItem\",\"position\":1,\"name\":\"Portada\",\"item\":\"https:\/\/www.delexodo.com.ar\/\"},{\"@type\":\"ListItem\",\"position\":2,\"name\":\"MASSA Y RAVERTA ANUNCIARON LA PR\u00d3RROGA DE LA JUBILACI\u00d3N ANTICIPADA\"}]},{\"@type\":\"WebSite\",\"@id\":\"https:\/\/www.delexodo.com.ar\/#website\",\"url\":\"https:\/\/www.delexodo.com.ar\/\",\"name\":\"Del \u00c9xodo Nogoy\u00e1\",\"description\":\"El Portal de Noticias de la Regi\u00f3n\",\"publisher\":{\"@id\":\"https:\/\/www.delexodo.com.ar\/#organization\"},\"potentialAction\":[{\"@type\":\"SearchAction\",\"target\":{\"@type\":\"EntryPoint\",\"urlTemplate\":\"https:\/\/www.delexodo.com.ar\/?s={search_term_string}\"},\"query-input\":{\"@type\":\"PropertyValueSpecification\",\"valueRequired\":true,\"valueName\":\"search_term_string\"}}],\"inLanguage\":\"es\"},{\"@type\":\"Organization\",\"@id\":\"https:\/\/www.delexodo.com.ar\/#organization\",\"name\":\"Del \u00c9xodo Nogoy\u00e1\",\"url\":\"https:\/\/www.delexodo.com.ar\/\",\"logo\":{\"@type\":\"ImageObject\",\"inLanguage\":\"es\",\"@id\":\"https:\/\/www.delexodo.com.ar\/#\/schema\/logo\/image\/\",\"url\":\"https:\/\/www.delexodo.com.ar\/wp-content\/uploads\/2024\/10\/cropped-cropped-LOGO24.png\",\"contentUrl\":\"https:\/\/www.delexodo.com.ar\/wp-content\/uploads\/2024\/10\/cropped-cropped-LOGO24.png\",\"width\":512,\"height\":349,\"caption\":\"Del \u00c9xodo Nogoy\u00e1\"},\"image\":{\"@id\":\"https:\/\/www.delexodo.com.ar\/#\/schema\/logo\/image\/\"}},{\"@type\":\"Person\",\"@id\":\"https:\/\/www.delexodo.com.ar\/#\/schema\/person\/bbed37f7da8e938660b34f2013ba449d\",\"name\":\"admin\",\"image\":{\"@type\":\"ImageObject\",\"inLanguage\":\"es\",\"@id\":\"https:\/\/www.delexodo.com.ar\/#\/schema\/person\/image\/\",\"url\":\"https:\/\/secure.gravatar.com\/avatar\/6b1558d1b6df085f1901bd5bd98523d7?s=96&d=mm&r=g\",\"contentUrl\":\"https:\/\/secure.gravatar.com\/avatar\/6b1558d1b6df085f1901bd5bd98523d7?s=96&d=mm&r=g\",\"caption\":\"admin\"},\"url\":\"https:\/\/www.delexodo.com.ar\/?author=1\"}]}<\/script>\n<!-- \/ Yoast SEO plugin. -->","yoast_head_json":{"title":"MASSA Y RAVERTA ANUNCIARON LA PR\u00d3RROGA DE LA JUBILACI\u00d3N ANTICIPADA - Del \u00c9xodo Nogoy\u00e1","robots":{"index":"index","follow":"follow","max-snippet":"max-snippet:-1","max-image-preview":"max-image-preview:large","max-video-preview":"max-video-preview:-1"},"canonical":"https:\/\/www.delexodo.com.ar\/?p=10040","og_locale":"es_ES","og_type":"article","og_title":"MASSA Y RAVERTA ANUNCIARON LA PR\u00d3RROGA DE LA JUBILACI\u00d3N ANTICIPADA - Del \u00c9xodo Nogoy\u00e1","og_description":"El ministro de Econom\u00eda de la Naci\u00f3n, Sergio Massa, y la directoraejecutiva de ANSES, Fernanda Raverta, anunciaron hoy una pr\u00f3rrogapor&hellip;","og_url":"https:\/\/www.delexodo.com.ar\/?p=10040","og_site_name":"Del \u00c9xodo Nogoy\u00e1","article_published_time":"2023-11-02T00:41:11+00:00","og_image":[{"width":841,"height":556,"url":"https:\/\/www.delexodo.com.ar\/wp-content\/uploads\/2023\/11\/MASSA-RAVERTA.jpg","type":"image\/jpeg"}],"author":"admin","twitter_card":"summary_large_image","twitter_misc":{"Escrito por":"admin","Tiempo de lectura":"2 minutos"},"schema":{"@context":"https:\/\/schema.org","@graph":[{"@type":"Article","@id":"https:\/\/www.delexodo.com.ar\/?p=10040#article","isPartOf":{"@id":"https:\/\/www.delexodo.com.ar\/?p=10040"},"author":{"name":"admin","@id":"https:\/\/www.delexodo.com.ar\/#\/schema\/person\/bbed37f7da8e938660b34f2013ba449d"},"headline":"MASSA Y RAVERTA ANUNCIARON LA PR\u00d3RROGA DE LA JUBILACI\u00d3N ANTICIPADA","datePublished":"2023-11-02T00:41:11+00:00","mainEntityOfPage":{"@id":"https:\/\/www.delexodo.com.ar\/?p=10040"},"wordCount":358,"publisher":{"@id":"https:\/\/www.delexodo.com.ar\/#organization"},"image":{"@id":"https:\/\/www.delexodo.com.ar\/?p=10040#primaryimage"},"thumbnailUrl":"https:\/\/www.delexodo.com.ar\/wp-content\/uploads\/2023\/11\/MASSA-RAVERTA.jpg","keywords":["destacar"],"articleSection":["Destacados","NOTICIAS","Politica"],"inLanguage":"es"},{"@type":"WebPage","@id":"https:\/\/www.delexodo.com.ar\/?p=10040","url":"https:\/\/www.delexodo.com.ar\/?p=10040","name":"MASSA Y RAVERTA ANUNCIARON LA PR\u00d3RROGA DE LA JUBILACI\u00d3N ANTICIPADA - Del \u00c9xodo Nogoy\u00e1","isPartOf":{"@id":"https:\/\/www.delexodo.com.ar\/#website"},"primaryImageOfPage":{"@id":"https:\/\/www.delexodo.com.ar\/?p=10040#primaryimage"},"image":{"@id":"https:\/\/www.delexodo.com.ar\/?p=10040#primaryimage"},"thumbnailUrl":"https:\/\/www.delexodo.com.ar\/wp-content\/uploads\/2023\/11\/MASSA-RAVERTA.jpg","datePublished":"2023-11-02T00:41:11+00:00","breadcrumb":{"@id":"https:\/\/www.delexodo.com.ar\/?p=10040#breadcrumb"},"inLanguage":"es","potentialAction":[{"@type":"ReadAction","target":["https:\/\/www.delexodo.com.ar\/?p=10040"]}]},{"@type":"ImageObject","inLanguage":"es","@id":"https:\/\/www.delexodo.com.ar\/?p=10040#primaryimage","url":"https:\/\/www.delexodo.com.ar\/wp-content\/uploads\/2023\/11\/MASSA-RAVERTA.jpg","contentUrl":"https:\/\/www.delexodo.com.ar\/wp-content\/uploads\/2023\/11\/MASSA-RAVERTA.jpg","width":841,"height":556},{"@type":"BreadcrumbList","@id":"https:\/\/www.delexodo.com.ar\/?p=10040#breadcrumb","itemListElement":[{"@type":"ListItem","position":1,"name":"Portada","item":"https:\/\/www.delexodo.com.ar\/"},{"@type":"ListItem","position":2,"name":"MASSA Y RAVERTA ANUNCIARON LA PR\u00d3RROGA DE LA JUBILACI\u00d3N ANTICIPADA"}]},{"@type":"WebSite","@id":"https:\/\/www.delexodo.com.ar\/#website","url":"https:\/\/www.delexodo.com.ar\/","name":"Del \u00c9xodo Nogoy\u00e1","description":"El Portal de Noticias de la Regi\u00f3n","publisher":{"@id":"https:\/\/www.delexodo.com.ar\/#organization"},"potentialAction":[{"@type":"SearchAction","target":{"@type":"EntryPoint","urlTemplate":"https:\/\/www.delexodo.com.ar\/?s={search_term_string}"},"query-input":{"@type":"PropertyValueSpecification","valueRequired":true,"valueName":"search_term_string"}}],"inLanguage":"es"},{"@type":"Organization","@id":"https:\/\/www.delexodo.com.ar\/#organization","name":"Del \u00c9xodo Nogoy\u00e1","url":"https:\/\/www.delexodo.com.ar\/","logo":{"@type":"ImageObject","inLanguage":"es","@id":"https:\/\/www.delexodo.com.ar\/#\/schema\/logo\/image\/","url":"https:\/\/www.delexodo.com.ar\/wp-content\/uploads\/2024\/10\/cropped-cropped-LOGO24.png","contentUrl":"https:\/\/www.delexodo.com.ar\/wp-content\/uploads\/2024\/10\/cropped-cropped-LOGO24.png","width":512,"height":349,"caption":"Del \u00c9xodo Nogoy\u00e1"},"image":{"@id":"https:\/\/www.delexodo.com.ar\/#\/schema\/logo\/image\/"}},{"@type":"Person","@id":"https:\/\/www.delexodo.com.ar\/#\/schema\/person\/bbed37f7da8e938660b34f2013ba449d","name":"admin","image":{"@type":"ImageObject","inLanguage":"es","@id":"https:\/\/www.delexodo.com.ar\/#\/schema\/person\/image\/","url":"https:\/\/secure.gravatar.com\/avatar\/6b1558d1b6df085f1901bd5bd98523d7?s=96&d=mm&r=g","contentUrl":"https:\/\/secure.gravatar.com\/avatar\/6b1558d1b6df085f1901bd5bd98523d7?s=96&d=mm&r=g","caption":"admin"},"url":"https:\/\/www.delexodo.com.ar\/?author=1"}]}},"_links":{"self":[{"href":"https:\/\/www.delexodo.com.ar\/index.php?rest_route=\/wp\/v2\/posts\/10040","targetHints":{"allow":["GET"]}}],"collection":[{"href":"https:\/\/www.delexodo.com.ar\/index.php?rest_route=\/wp\/v2\/posts"}],"about":[{"href":"https:\/\/www.delexodo.com.ar\/index.php?rest_route=\/wp\/v2\/types\/post"}],"author":[{"embeddable":true,"href":"https:\/\/www.delexodo.com.ar\/index.php?rest_route=\/wp\/v2\/users\/1"}],"replies":[{"embeddable":true,"href":"https:\/\/www.delexodo.com.ar\/index.php?rest_route=%2Fwp%2Fv2%2Fcomments&post=10040"}],"version-history":[{"count":0,"href":"https:\/\/www.delexodo.com.ar\/index.php?rest_route=\/wp\/v2\/posts\/10040\/revisions"}],"wp:featuredmedia":[{"embeddable":true,"href":"https:\/\/www.delexodo.com.ar\/index.php?rest_route=\/wp\/v2\/media\/10038"}],"wp:attachment":[{"href":"https:\/\/www.delexodo.com.ar\/index.php?rest_route=%2Fwp%2Fv2%2Fmedia&parent=10040"}],"wp:term":[{"taxonomy":"category","embeddable":true,"href":"https:\/\/www.delexodo.com.ar\/index.php?rest_route=%2Fwp%2Fv2%2Fcategories&post=10040"},{"taxonomy":"post_tag","embeddable":true,"href":"https:\/\/www.delexodo.com.ar\/index.php?rest_route=%2Fwp%2Fv2%2Ftags&post=10040"}],"curies":[{"name":"wp","href":"https:\/\/api.w.org\/{rel}","templated":true}]}}