{"id":10037,"date":"2023-11-01T19:16:50","date_gmt":"2023-11-01T22:16:50","guid":{"rendered":"https:\/\/www.delexodo.com.ar\/?p=10037"},"modified":"2023-11-01T19:16:51","modified_gmt":"2023-11-01T22:16:51","slug":"anunciaron-la-ampliacion-de-los-creditos-anses-para-trabajadores-y-jubilados","status":"publish","type":"post","link":"https:\/\/www.delexodo.com.ar\/?p=10037","title":{"rendered":"ANUNCIARON LA AMPLIACI\u00d3N DE LOS CR\u00c9DITOS ANSES PARA TRABAJADORES Y JUBILADOS"},"content":{"rendered":"\n<p><em>El ministro de Econom\u00eda de la Naci\u00f3n, Sergio Massa, y la directora<br>ejecutiva de ANSES, Fernanda Raverta, anunciaron hoy un aumento en<br>el monto que ofrecen los Cr\u00e9ditos ANSES de 400 a mil a 600 mil pesos para jubilados, pensionados y de hasta 1 mill\u00f3n de pesos para trabajadores en relaci\u00f3n de dependencia, desde el pr\u00f3ximo lunes 6 de noviembre.<\/em><\/p>\n\n\n\n<figure class=\"wp-block-embed is-type-video is-provider-youtube wp-block-embed-youtube wp-embed-aspect-16-9 wp-has-aspect-ratio\"><div class=\"wp-block-embed__wrapper\">\n<iframe loading=\"lazy\" title=\"Ampliaci\u00f3n de cr\u00e9ditos para trabajadores y jubilados\" width=\"500\" height=\"281\" src=\"https:\/\/www.youtube.com\/embed\/ud-HOXhXVAs?feature=oembed\" frameborder=\"0\" allow=\"accelerometer; autoplay; clipboard-write; encrypted-media; gyroscope; picture-in-picture; web-share\" referrerpolicy=\"strict-origin-when-cross-origin\" allowfullscreen><\/iframe>\n<\/div><\/figure>\n\n\n\n<p>En este marco, Massa expres\u00f3: <em>\u201cEsta decisi\u00f3n mejora la capacidad<br>de cr\u00e9dito de trabajadores y jubilados en la Argentina. Aspiramos, adem\u00e1s, complican la vida del trabajador. Y para aquellos que no tienen deuda, sirva a los efectos de avanzar de manera bancarizada, de manera digital, con la compra de bienes o con la contrataci\u00f3n de aquellos servicios, ya sea para la familia o de turismo, que necesiten\u201d<\/em>.<\/p>\n\n\n\n<p>En tanto, Raverta sostuvo: <em>\u201cEl cr\u00e9dito a los trabajadores va a pasar de 400 mil a un mill\u00f3n de pesos, que va a devolverse en 24, 36 o 48 cuotas.<br>Ese dinero se va a depositar en la tarjeta de cr\u00e9dito con el fin de ayudar a desendeudarse, pero tambi\u00e9n est\u00e1 orientado al consumo, sin extraerse de la tarjeta, con una tasa de inter\u00e9s del 50 por ciento. Para los jubilados y pensionados, el pr\u00e9stamo pasar\u00e1 de 400 mil a 600 mil pesos. Ambos tr\u00e1mites se podr\u00e1n hacer a partir del lunes 6 de noviembre: los trabajadores lo har\u00e1n virtualmente desde el sitio de ANSES, pero les enviaremos el c\u00f3digo para pasar por la oficina sin turno previo y los jubilados, como vienen haciendo hasta ahora, ir\u00e1n a la oficina con turno previo\u201d<\/em>.<\/p>\n\n\n\n<h3 class=\"wp-block-heading\">Cr\u00e9ditos ANSES para trabajadores<\/h3>\n\n\n\n<p>Los trabajadores en relaci\u00f3n de dependencia con salarios de hasta<br>1.980.000 pesos (piso del Impuesto a las Ganancias que rige desde hoy) podr\u00e1n pedir su pr\u00e9stamo de hasta 1 mill\u00f3n de pesos, con una Tasa Nominal Anual (TNA) del 50 por ciento, en 24, 36 o 48 cuotas, cuyo monto se depositar\u00e1 en la tarjeta de cr\u00e9dito asociada a la cuenta sueldo del solicitante. La primera cuota se descontar\u00e1 a los 3 meses de recibido el pr\u00e9stamo. Esto implica un incremento del 150 por ciento del monto m\u00e1ximo<br>actual (400 mil pesos) y se estima que podr\u00eda alcanzar a m\u00e1s de 5,4 millones de personas que cumplir\u00edan con los requisitos.<\/p>\n\n\n\n<p>La medida tiene por objetivo fomentar el consumo. Asimismo, busca<br>ser una herramienta para aliviar la situaci\u00f3n de endeudamiento que<br>atraviesan muchas familias trabajadoras, quienes tienen comprometido el pago de sus tarjetas de cr\u00e9dito con tasas de refinanciaci\u00f3n que son mucho m\u00e1s costosas que el cr\u00e9dito al que pueden acceder a trav\u00e9s de ANSES.<br>Al momento, el organismo previsional ya otorg\u00f3 247.798 cr\u00e9ditos, el 38 por ciento a mujeres y el 62, a varones.<\/p>\n\n\n\n<p>Cabe recordar que la solicitud debe realizarse exclusivamente a<br>trav\u00e9s de la web del organismo, www.anses.gob.ar, o de la aplicaci\u00f3n mi ANSES, todos los d\u00edas de 10 a 20 horas.<br>Para m\u00e1s informaci\u00f3n, ingresar aqu\u00ed.<\/p>\n\n\n\n<h3 class=\"wp-block-heading\">Cr\u00e9ditos ANSES para jubilados y pensionados<\/h3>\n\n\n\n<p>Los jubilados y pensionados del Sistema Integrado Previsional<br>Argentino (SIPA) podr\u00e1n acceder a pr\u00e9stamos de hasta 600 mil pesos y los titulares de Pensiones No Contributivas (PNC) y PUAM, de hasta 250 mil pesos, con una TNA del 29 por ciento, que significa un tercio de la que se ofrece en el mercado, y optar por devolverlo en hasta 24, 36 o 48 cuotas.<br>Est\u00e1n en condiciones de solicitarlos la totalidad de los jubilados y pensionados, es decir, 7,7 millones de personas, fomentando el consumo en la econom\u00eda argentina.<\/p>\n\n\n\n<p>Al momento, ANSES entreg\u00f3 1.344.651 cr\u00e9ditos, el 64 por ciento a<br>mujeres y el 36, a varones.<\/p>\n\n\n\n<p>Se recuerda que para obtener el pr\u00e9stamo se debe sacar turno en<br>www.anses.gob.ar para, luego, tramitarse personalmente en las oficinas del organismo. En caso de cumplir con las condiciones, el dinero ser\u00e1 depositado en la cuenta en la que la persona cobre su prestaci\u00f3n previsional.<\/p>\n","protected":false},"excerpt":{"rendered":"<p>El ministro de Econom\u00eda de la Naci\u00f3n, Sergio Massa, y la directoraejecutiva de ANSES, Fernanda Raverta, anunciaron hoy un aumento&hellip;<\/p>\n","protected":false},"author":1,"featured_media":10038,"comment_status":"closed","ping_status":"closed","sticky":false,"template":"","format":"standard","meta":{"_joinchat":[],"footnotes":""},"categories":[65,69,349],"tags":[345],"class_list":["post-10037","post","type-post","status-publish","format-standard","has-post-thumbnail","hentry","category-destacados","category-noticias","category-politica","tag-destacar"],"yoast_head":"<!-- This site is optimized with the Yoast SEO plugin v25.1 - https:\/\/yoast.com\/wordpress\/plugins\/seo\/ -->\n<title>ANUNCIARON LA AMPLIACI\u00d3N DE LOS CR\u00c9DITOS ANSES PARA TRABAJADORES Y JUBILADOS - Del \u00c9xodo Nogoy\u00e1<\/title>\n<meta name=\"robots\" content=\"index, follow, max-snippet:-1, max-image-preview:large, max-video-preview:-1\" \/>\n<link rel=\"canonical\" href=\"https:\/\/www.delexodo.com.ar\/?p=10037\" \/>\n<meta property=\"og:locale\" content=\"es_ES\" \/>\n<meta property=\"og:type\" content=\"article\" \/>\n<meta property=\"og:title\" content=\"ANUNCIARON LA AMPLIACI\u00d3N DE LOS CR\u00c9DITOS ANSES PARA TRABAJADORES Y JUBILADOS - Del \u00c9xodo Nogoy\u00e1\" \/>\n<meta property=\"og:description\" content=\"El ministro de Econom\u00eda de la Naci\u00f3n, Sergio Massa, y la directoraejecutiva de ANSES, Fernanda Raverta, anunciaron hoy un aumento&hellip;\" \/>\n<meta property=\"og:url\" content=\"https:\/\/www.delexodo.com.ar\/?p=10037\" \/>\n<meta property=\"og:site_name\" content=\"Del \u00c9xodo Nogoy\u00e1\" \/>\n<meta property=\"article:published_time\" content=\"2023-11-01T22:16:50+00:00\" \/>\n<meta property=\"article:modified_time\" content=\"2023-11-01T22:16:51+00:00\" \/>\n<meta property=\"og:image\" content=\"https:\/\/www.delexodo.com.ar\/wp-content\/uploads\/2023\/11\/MASSA-RAVERTA.jpg\" \/>\n\t<meta property=\"og:image:width\" content=\"841\" \/>\n\t<meta property=\"og:image:height\" content=\"556\" \/>\n\t<meta property=\"og:image:type\" content=\"image\/jpeg\" \/>\n<meta name=\"author\" content=\"admin\" \/>\n<meta name=\"twitter:card\" content=\"summary_large_image\" \/>\n<meta name=\"twitter:label1\" content=\"Escrito por\" \/>\n\t<meta name=\"twitter:data1\" content=\"admin\" \/>\n\t<meta name=\"twitter:label2\" content=\"Tiempo de lectura\" \/>\n\t<meta name=\"twitter:data2\" content=\"3 minutos\" \/>\n<script type=\"application\/ld+json\" class=\"yoast-schema-graph\">{\"@context\":\"https:\/\/schema.org\",\"@graph\":[{\"@type\":\"Article\",\"@id\":\"https:\/\/www.delexodo.com.ar\/?p=10037#article\",\"isPartOf\":{\"@id\":\"https:\/\/www.delexodo.com.ar\/?p=10037\"},\"author\":{\"name\":\"admin\",\"@id\":\"https:\/\/www.delexodo.com.ar\/#\/schema\/person\/bbed37f7da8e938660b34f2013ba449d\"},\"headline\":\"ANUNCIARON LA AMPLIACI\u00d3N DE LOS CR\u00c9DITOS ANSES PARA TRABAJADORES Y JUBILADOS\",\"datePublished\":\"2023-11-01T22:16:50+00:00\",\"dateModified\":\"2023-11-01T22:16:51+00:00\",\"mainEntityOfPage\":{\"@id\":\"https:\/\/www.delexodo.com.ar\/?p=10037\"},\"wordCount\":671,\"publisher\":{\"@id\":\"https:\/\/www.delexodo.com.ar\/#organization\"},\"image\":{\"@id\":\"https:\/\/www.delexodo.com.ar\/?p=10037#primaryimage\"},\"thumbnailUrl\":\"https:\/\/www.delexodo.com.ar\/wp-content\/uploads\/2023\/11\/MASSA-RAVERTA.jpg\",\"keywords\":[\"destacar\"],\"articleSection\":[\"Destacados\",\"NOTICIAS\",\"Politica\"],\"inLanguage\":\"es\"},{\"@type\":\"WebPage\",\"@id\":\"https:\/\/www.delexodo.com.ar\/?p=10037\",\"url\":\"https:\/\/www.delexodo.com.ar\/?p=10037\",\"name\":\"ANUNCIARON LA AMPLIACI\u00d3N DE LOS CR\u00c9DITOS ANSES PARA TRABAJADORES Y JUBILADOS - Del \u00c9xodo Nogoy\u00e1\",\"isPartOf\":{\"@id\":\"https:\/\/www.delexodo.com.ar\/#website\"},\"primaryImageOfPage\":{\"@id\":\"https:\/\/www.delexodo.com.ar\/?p=10037#primaryimage\"},\"image\":{\"@id\":\"https:\/\/www.delexodo.com.ar\/?p=10037#primaryimage\"},\"thumbnailUrl\":\"https:\/\/www.delexodo.com.ar\/wp-content\/uploads\/2023\/11\/MASSA-RAVERTA.jpg\",\"datePublished\":\"2023-11-01T22:16:50+00:00\",\"dateModified\":\"2023-11-01T22:16:51+00:00\",\"breadcrumb\":{\"@id\":\"https:\/\/www.delexodo.com.ar\/?p=10037#breadcrumb\"},\"inLanguage\":\"es\",\"potentialAction\":[{\"@type\":\"ReadAction\",\"target\":[\"https:\/\/www.delexodo.com.ar\/?p=10037\"]}]},{\"@type\":\"ImageObject\",\"inLanguage\":\"es\",\"@id\":\"https:\/\/www.delexodo.com.ar\/?p=10037#primaryimage\",\"url\":\"https:\/\/www.delexodo.com.ar\/wp-content\/uploads\/2023\/11\/MASSA-RAVERTA.jpg\",\"contentUrl\":\"https:\/\/www.delexodo.com.ar\/wp-content\/uploads\/2023\/11\/MASSA-RAVERTA.jpg\",\"width\":841,\"height\":556},{\"@type\":\"BreadcrumbList\",\"@id\":\"https:\/\/www.delexodo.com.ar\/?p=10037#breadcrumb\",\"itemListElement\":[{\"@type\":\"ListItem\",\"position\":1,\"name\":\"Portada\",\"item\":\"https:\/\/www.delexodo.com.ar\/\"},{\"@type\":\"ListItem\",\"position\":2,\"name\":\"ANUNCIARON LA AMPLIACI\u00d3N DE LOS CR\u00c9DITOS ANSES PARA TRABAJADORES Y JUBILADOS\"}]},{\"@type\":\"WebSite\",\"@id\":\"https:\/\/www.delexodo.com.ar\/#website\",\"url\":\"https:\/\/www.delexodo.com.ar\/\",\"name\":\"Del \u00c9xodo Nogoy\u00e1\",\"description\":\"El Portal de Noticias de la Regi\u00f3n\",\"publisher\":{\"@id\":\"https:\/\/www.delexodo.com.ar\/#organization\"},\"potentialAction\":[{\"@type\":\"SearchAction\",\"target\":{\"@type\":\"EntryPoint\",\"urlTemplate\":\"https:\/\/www.delexodo.com.ar\/?s={search_term_string}\"},\"query-input\":{\"@type\":\"PropertyValueSpecification\",\"valueRequired\":true,\"valueName\":\"search_term_string\"}}],\"inLanguage\":\"es\"},{\"@type\":\"Organization\",\"@id\":\"https:\/\/www.delexodo.com.ar\/#organization\",\"name\":\"Del \u00c9xodo Nogoy\u00e1\",\"url\":\"https:\/\/www.delexodo.com.ar\/\",\"logo\":{\"@type\":\"ImageObject\",\"inLanguage\":\"es\",\"@id\":\"https:\/\/www.delexodo.com.ar\/#\/schema\/logo\/image\/\",\"url\":\"https:\/\/www.delexodo.com.ar\/wp-content\/uploads\/2024\/10\/cropped-cropped-LOGO24.png\",\"contentUrl\":\"https:\/\/www.delexodo.com.ar\/wp-content\/uploads\/2024\/10\/cropped-cropped-LOGO24.png\",\"width\":512,\"height\":349,\"caption\":\"Del \u00c9xodo Nogoy\u00e1\"},\"image\":{\"@id\":\"https:\/\/www.delexodo.com.ar\/#\/schema\/logo\/image\/\"}},{\"@type\":\"Person\",\"@id\":\"https:\/\/www.delexodo.com.ar\/#\/schema\/person\/bbed37f7da8e938660b34f2013ba449d\",\"name\":\"admin\",\"image\":{\"@type\":\"ImageObject\",\"inLanguage\":\"es\",\"@id\":\"https:\/\/www.delexodo.com.ar\/#\/schema\/person\/image\/\",\"url\":\"https:\/\/secure.gravatar.com\/avatar\/6b1558d1b6df085f1901bd5bd98523d7?s=96&d=mm&r=g\",\"contentUrl\":\"https:\/\/secure.gravatar.com\/avatar\/6b1558d1b6df085f1901bd5bd98523d7?s=96&d=mm&r=g\",\"caption\":\"admin\"},\"url\":\"https:\/\/www.delexodo.com.ar\/?author=1\"}]}<\/script>\n<!-- \/ Yoast SEO plugin. -->","yoast_head_json":{"title":"ANUNCIARON LA AMPLIACI\u00d3N DE LOS CR\u00c9DITOS ANSES PARA TRABAJADORES Y JUBILADOS - Del \u00c9xodo Nogoy\u00e1","robots":{"index":"index","follow":"follow","max-snippet":"max-snippet:-1","max-image-preview":"max-image-preview:large","max-video-preview":"max-video-preview:-1"},"canonical":"https:\/\/www.delexodo.com.ar\/?p=10037","og_locale":"es_ES","og_type":"article","og_title":"ANUNCIARON LA AMPLIACI\u00d3N DE LOS CR\u00c9DITOS ANSES PARA TRABAJADORES Y JUBILADOS - Del \u00c9xodo Nogoy\u00e1","og_description":"El ministro de Econom\u00eda de la Naci\u00f3n, Sergio Massa, y la directoraejecutiva de ANSES, Fernanda Raverta, anunciaron hoy un aumento&hellip;","og_url":"https:\/\/www.delexodo.com.ar\/?p=10037","og_site_name":"Del \u00c9xodo Nogoy\u00e1","article_published_time":"2023-11-01T22:16:50+00:00","article_modified_time":"2023-11-01T22:16:51+00:00","og_image":[{"width":841,"height":556,"url":"https:\/\/www.delexodo.com.ar\/wp-content\/uploads\/2023\/11\/MASSA-RAVERTA.jpg","type":"image\/jpeg"}],"author":"admin","twitter_card":"summary_large_image","twitter_misc":{"Escrito por":"admin","Tiempo de lectura":"3 minutos"},"schema":{"@context":"https:\/\/schema.org","@graph":[{"@type":"Article","@id":"https:\/\/www.delexodo.com.ar\/?p=10037#article","isPartOf":{"@id":"https:\/\/www.delexodo.com.ar\/?p=10037"},"author":{"name":"admin","@id":"https:\/\/www.delexodo.com.ar\/#\/schema\/person\/bbed37f7da8e938660b34f2013ba449d"},"headline":"ANUNCIARON LA AMPLIACI\u00d3N DE LOS CR\u00c9DITOS ANSES PARA TRABAJADORES Y JUBILADOS","datePublished":"2023-11-01T22:16:50+00:00","dateModified":"2023-11-01T22:16:51+00:00","mainEntityOfPage":{"@id":"https:\/\/www.delexodo.com.ar\/?p=10037"},"wordCount":671,"publisher":{"@id":"https:\/\/www.delexodo.com.ar\/#organization"},"image":{"@id":"https:\/\/www.delexodo.com.ar\/?p=10037#primaryimage"},"thumbnailUrl":"https:\/\/www.delexodo.com.ar\/wp-content\/uploads\/2023\/11\/MASSA-RAVERTA.jpg","keywords":["destacar"],"articleSection":["Destacados","NOTICIAS","Politica"],"inLanguage":"es"},{"@type":"WebPage","@id":"https:\/\/www.delexodo.com.ar\/?p=10037","url":"https:\/\/www.delexodo.com.ar\/?p=10037","name":"ANUNCIARON LA AMPLIACI\u00d3N DE LOS CR\u00c9DITOS ANSES PARA TRABAJADORES Y JUBILADOS - Del \u00c9xodo Nogoy\u00e1","isPartOf":{"@id":"https:\/\/www.delexodo.com.ar\/#website"},"primaryImageOfPage":{"@id":"https:\/\/www.delexodo.com.ar\/?p=10037#primaryimage"},"image":{"@id":"https:\/\/www.delexodo.com.ar\/?p=10037#primaryimage"},"thumbnailUrl":"https:\/\/www.delexodo.com.ar\/wp-content\/uploads\/2023\/11\/MASSA-RAVERTA.jpg","datePublished":"2023-11-01T22:16:50+00:00","dateModified":"2023-11-01T22:16:51+00:00","breadcrumb":{"@id":"https:\/\/www.delexodo.com.ar\/?p=10037#breadcrumb"},"inLanguage":"es","potentialAction":[{"@type":"ReadAction","target":["https:\/\/www.delexodo.com.ar\/?p=10037"]}]},{"@type":"ImageObject","inLanguage":"es","@id":"https:\/\/www.delexodo.com.ar\/?p=10037#primaryimage","url":"https:\/\/www.delexodo.com.ar\/wp-content\/uploads\/2023\/11\/MASSA-RAVERTA.jpg","contentUrl":"https:\/\/www.delexodo.com.ar\/wp-content\/uploads\/2023\/11\/MASSA-RAVERTA.jpg","width":841,"height":556},{"@type":"BreadcrumbList","@id":"https:\/\/www.delexodo.com.ar\/?p=10037#breadcrumb","itemListElement":[{"@type":"ListItem","position":1,"name":"Portada","item":"https:\/\/www.delexodo.com.ar\/"},{"@type":"ListItem","position":2,"name":"ANUNCIARON LA AMPLIACI\u00d3N DE LOS CR\u00c9DITOS ANSES PARA TRABAJADORES Y JUBILADOS"}]},{"@type":"WebSite","@id":"https:\/\/www.delexodo.com.ar\/#website","url":"https:\/\/www.delexodo.com.ar\/","name":"Del \u00c9xodo Nogoy\u00e1","description":"El Portal de Noticias de la Regi\u00f3n","publisher":{"@id":"https:\/\/www.delexodo.com.ar\/#organization"},"potentialAction":[{"@type":"SearchAction","target":{"@type":"EntryPoint","urlTemplate":"https:\/\/www.delexodo.com.ar\/?s={search_term_string}"},"query-input":{"@type":"PropertyValueSpecification","valueRequired":true,"valueName":"search_term_string"}}],"inLanguage":"es"},{"@type":"Organization","@id":"https:\/\/www.delexodo.com.ar\/#organization","name":"Del \u00c9xodo Nogoy\u00e1","url":"https:\/\/www.delexodo.com.ar\/","logo":{"@type":"ImageObject","inLanguage":"es","@id":"https:\/\/www.delexodo.com.ar\/#\/schema\/logo\/image\/","url":"https:\/\/www.delexodo.com.ar\/wp-content\/uploads\/2024\/10\/cropped-cropped-LOGO24.png","contentUrl":"https:\/\/www.delexodo.com.ar\/wp-content\/uploads\/2024\/10\/cropped-cropped-LOGO24.png","width":512,"height":349,"caption":"Del \u00c9xodo Nogoy\u00e1"},"image":{"@id":"https:\/\/www.delexodo.com.ar\/#\/schema\/logo\/image\/"}},{"@type":"Person","@id":"https:\/\/www.delexodo.com.ar\/#\/schema\/person\/bbed37f7da8e938660b34f2013ba449d","name":"admin","image":{"@type":"ImageObject","inLanguage":"es","@id":"https:\/\/www.delexodo.com.ar\/#\/schema\/person\/image\/","url":"https:\/\/secure.gravatar.com\/avatar\/6b1558d1b6df085f1901bd5bd98523d7?s=96&d=mm&r=g","contentUrl":"https:\/\/secure.gravatar.com\/avatar\/6b1558d1b6df085f1901bd5bd98523d7?s=96&d=mm&r=g","caption":"admin"},"url":"https:\/\/www.delexodo.com.ar\/?author=1"}]}},"_links":{"self":[{"href":"https:\/\/www.delexodo.com.ar\/index.php?rest_route=\/wp\/v2\/posts\/10037","targetHints":{"allow":["GET"]}}],"collection":[{"href":"https:\/\/www.delexodo.com.ar\/index.php?rest_route=\/wp\/v2\/posts"}],"about":[{"href":"https:\/\/www.delexodo.com.ar\/index.php?rest_route=\/wp\/v2\/types\/post"}],"author":[{"embeddable":true,"href":"https:\/\/www.delexodo.com.ar\/index.php?rest_route=\/wp\/v2\/users\/1"}],"replies":[{"embeddable":true,"href":"https:\/\/www.delexodo.com.ar\/index.php?rest_route=%2Fwp%2Fv2%2Fcomments&post=10037"}],"version-history":[{"count":0,"href":"https:\/\/www.delexodo.com.ar\/index.php?rest_route=\/wp\/v2\/posts\/10037\/revisions"}],"wp:featuredmedia":[{"embeddable":true,"href":"https:\/\/www.delexodo.com.ar\/index.php?rest_route=\/wp\/v2\/media\/10038"}],"wp:attachment":[{"href":"https:\/\/www.delexodo.com.ar\/index.php?rest_route=%2Fwp%2Fv2%2Fmedia&parent=10037"}],"wp:term":[{"taxonomy":"category","embeddable":true,"href":"https:\/\/www.delexodo.com.ar\/index.php?rest_route=%2Fwp%2Fv2%2Fcategories&post=10037"},{"taxonomy":"post_tag","embeddable":true,"href":"https:\/\/www.delexodo.com.ar\/index.php?rest_route=%2Fwp%2Fv2%2Ftags&post=10037"}],"curies":[{"name":"wp","href":"https:\/\/api.w.org\/{rel}","templated":true}]}}