{"id":10030,"date":"2023-10-29T23:40:23","date_gmt":"2023-10-30T02:40:23","guid":{"rendered":"https:\/\/www.delexodo.com.ar\/?p=10030"},"modified":"2023-10-29T23:40:25","modified_gmt":"2023-10-30T02:40:25","slug":"nogoya-tras-un-siniestro-vial-fallecio-francisco-rey-senador-suplente-dptal","status":"publish","type":"post","link":"https:\/\/www.delexodo.com.ar\/?p=10030","title":{"rendered":"NOGOY\u00c1: TRAS UN SINIESTRO VIAL FALLECI\u00d3 FRANCISCO REY, SENADOR SUPLENTE DPTAL."},"content":{"rendered":"\n<p>Luego de ser derivado a Paran\u00e1, el dirigente pol\u00edtico Francisco Rey falleci\u00f3 en el hospital San Mart\u00edn a ra\u00edz de una insuficiencia card\u00edaca.<\/p>\n\n\n\n<div class=\"wp-block-image\"><figure class=\"alignleft size-large is-resized\"><img loading=\"lazy\" decoding=\"async\" src=\"https:\/\/www.delexodo.com.ar\/wp-content\/uploads\/2023\/10\/FRANCISCO-REY.jpg\" alt=\"\" class=\"wp-image-10034\" width=\"293\" height=\"293\" srcset=\"https:\/\/www.delexodo.com.ar\/wp-content\/uploads\/2023\/10\/FRANCISCO-REY.jpg 547w, https:\/\/www.delexodo.com.ar\/wp-content\/uploads\/2023\/10\/FRANCISCO-REY-300x300.jpg 300w, https:\/\/www.delexodo.com.ar\/wp-content\/uploads\/2023\/10\/FRANCISCO-REY-150x150.jpg 150w\" sizes=\"auto, (max-width: 293px) 100vw, 293px\" \/><\/figure><\/div>\n\n\n\n<p><strong>El senador suplente de Nogoy\u00e1, Francisco Rey, protagoniz\u00f3 un siniestro vial con su camioneta contra el puente del Arroyo El Cha\u00f1ar, sobre la ruta 12 a la altura de Nogoy\u00e1.<\/strong><\/p>\n\n\n\n<p>Seg\u00fan el informe del Sub Jefe de polic\u00eda Dptal. Crio. My. Godoy, el dirigente pol\u00edtico del Partido Justicialista (PJ) fue trasladado con lesiones leves y una descompensaci\u00f3n al nosocomio local donde minutos despu\u00e9s de sufre un para cardio respiratorio en el cual es asistido y a posterior derivado al hospital San Martin de Paran\u00e1, donde nuevamente a causa de una insuficiencia card\u00edaca deja de existir.<\/p>\n\n\n\n<p>Ocupaba un cargo como senador suplente en el departamento Nogoy\u00e1 y tambi\u00e9n oficiaba de Secretario General del Sindicato de la Alimentaci\u00f3n de Nogoy\u00e1, presidi\u00f3 la Junta de Gobierno del Sauce.<\/p>\n\n\n\n<p>Entre tantos reconocimientos a causa del repentino fallecimiento, la ex presidente de la Sociedad Rural de Nogoy\u00e1, Guadalupe Vivanco public\u00f3 en su red social de Instagram;<\/p>\n\n\n\n<p><strong><em>Hoy se nos fue una gran persona, el se\u00f1or Francisco Rey oriundo de mis queridos pagos La Ilusi\u00f3n Distrito Sauce. Sin lugar a dudas la persona que m\u00e1s hizo por el Sauce siempre preocupado y ocupado por la gente de campo m\u00e1s necesitada porque \u00e9l sab\u00eda lo que era una vida de sacrificios y postergaciones; un hombre de profundos valores, alguien que se hizo de abajo a fuerza de trabajo a destajo y ayudando al pr\u00f3jimo sin esperar nada a cambio.. ese era Francisco un hombre de profundos valores y convicciones. Padre, hijo, amigo, sindicalista, senador suplente de Nogoya, presidi\u00f3 la Junta de Gobierno del Sauce y sigui\u00f3 su trabajo siempre en la industria l\u00e1ctea La Sibila en la cual tenia un gran sentido de pertenencia. Que descanses en paz querido Francisco te recordar\u00e9 c\u00f3mo lo que eras.. una gran persona. Y cada vecino de la Ilusi\u00f3n y de todo el Sauce te recordar\u00e1. Mi m\u00e1s alta estima y recuerdo<\/em>.<\/strong><\/p>\n\n\n\n<div class=\"wp-block-image\"><figure class=\"aligncenter size-large\"><img loading=\"lazy\" decoding=\"async\" width=\"957\" height=\"572\" src=\"https:\/\/www.delexodo.com.ar\/wp-content\/uploads\/2023\/10\/REY-VIVANCO.jpg\" alt=\"\" class=\"wp-image-10031\" srcset=\"https:\/\/www.delexodo.com.ar\/wp-content\/uploads\/2023\/10\/REY-VIVANCO.jpg 957w, https:\/\/www.delexodo.com.ar\/wp-content\/uploads\/2023\/10\/REY-VIVANCO-300x179.jpg 300w, https:\/\/www.delexodo.com.ar\/wp-content\/uploads\/2023\/10\/REY-VIVANCO-768x459.jpg 768w, https:\/\/www.delexodo.com.ar\/wp-content\/uploads\/2023\/10\/REY-VIVANCO-400x240.jpg 400w\" sizes=\"auto, (max-width: 957px) 100vw, 957px\" \/><\/figure><\/div>\n\n\n\n<p>Por su lado la actual Senadora por el departamento, Dra. Flavia Maidana quien fuera compa\u00f1era de formula, public\u00f3 en su perfil de la red social; <\/p>\n\n\n\n<p><em style=\"\"><b>Acompa\u00f1o en el dolor a la familia y amistades del compa\u00f1ero Francisco Rey, que hoy nos ha dejado f\u00edsicamente. \u00c9l fue presidente de Junta de Gobierno de Distrito Sauce, mi compa\u00f1ero de f\u00f3rmula en la <\/b><\/em><strong><em>senadur\u00eda y dirigente del Sindicato de la Alimentaci\u00f3n. Que en paz descanses Francisco, hasta siempre<\/em><\/strong><\/p>\n\n\n\n<div class=\"wp-block-image\"><figure class=\"aligncenter size-large\"><img loading=\"lazy\" decoding=\"async\" width=\"559\" height=\"320\" src=\"https:\/\/www.delexodo.com.ar\/wp-content\/uploads\/2023\/10\/MAIDANA-REY.jpg\" alt=\"\" class=\"wp-image-10033\" srcset=\"https:\/\/www.delexodo.com.ar\/wp-content\/uploads\/2023\/10\/MAIDANA-REY.jpg 559w, https:\/\/www.delexodo.com.ar\/wp-content\/uploads\/2023\/10\/MAIDANA-REY-300x172.jpg 300w\" sizes=\"auto, (max-width: 559px) 100vw, 559px\" \/><\/figure><\/div>\n","protected":false},"excerpt":{"rendered":"<p>Luego de ser derivado a Paran\u00e1, el dirigente pol\u00edtico Francisco Rey falleci\u00f3 en el hospital San Mart\u00edn a ra\u00edz de&hellip;<\/p>\n","protected":false},"author":1,"featured_media":10032,"comment_status":"closed","ping_status":"closed","sticky":false,"template":"","format":"standard","meta":{"_joinchat":[],"footnotes":""},"categories":[65,1,69,350],"tags":[345],"class_list":["post-10030","post","type-post","status-publish","format-standard","has-post-thumbnail","hentry","category-destacados","category-sincategoria","category-noticias","category-policiales","tag-destacar"],"yoast_head":"<!-- This site is optimized with the Yoast SEO plugin v25.1 - https:\/\/yoast.com\/wordpress\/plugins\/seo\/ -->\n<title>NOGOY\u00c1: TRAS UN SINIESTRO VIAL FALLECI\u00d3 FRANCISCO REY, SENADOR SUPLENTE DPTAL. - Del \u00c9xodo Nogoy\u00e1<\/title>\n<meta name=\"robots\" content=\"index, follow, max-snippet:-1, max-image-preview:large, max-video-preview:-1\" \/>\n<link rel=\"canonical\" href=\"https:\/\/www.delexodo.com.ar\/?p=10030\" \/>\n<meta property=\"og:locale\" content=\"es_ES\" \/>\n<meta property=\"og:type\" content=\"article\" \/>\n<meta property=\"og:title\" content=\"NOGOY\u00c1: TRAS UN SINIESTRO VIAL FALLECI\u00d3 FRANCISCO REY, SENADOR SUPLENTE DPTAL. - Del \u00c9xodo Nogoy\u00e1\" \/>\n<meta property=\"og:description\" content=\"Luego de ser derivado a Paran\u00e1, el dirigente pol\u00edtico Francisco Rey falleci\u00f3 en el hospital San Mart\u00edn a ra\u00edz de&hellip;\" \/>\n<meta property=\"og:url\" content=\"https:\/\/www.delexodo.com.ar\/?p=10030\" \/>\n<meta property=\"og:site_name\" content=\"Del \u00c9xodo Nogoy\u00e1\" \/>\n<meta property=\"article:published_time\" content=\"2023-10-30T02:40:23+00:00\" \/>\n<meta property=\"article:modified_time\" content=\"2023-10-30T02:40:25+00:00\" \/>\n<meta property=\"og:image\" content=\"https:\/\/www.delexodo.com.ar\/wp-content\/uploads\/2023\/10\/VIAL-REY.jpg\" \/>\n\t<meta property=\"og:image:width\" content=\"1200\" \/>\n\t<meta property=\"og:image:height\" content=\"644\" \/>\n\t<meta property=\"og:image:type\" content=\"image\/jpeg\" \/>\n<meta name=\"author\" content=\"admin\" \/>\n<meta name=\"twitter:card\" content=\"summary_large_image\" \/>\n<meta name=\"twitter:label1\" content=\"Escrito por\" \/>\n\t<meta name=\"twitter:data1\" content=\"admin\" \/>\n\t<meta name=\"twitter:label2\" content=\"Tiempo de lectura\" \/>\n\t<meta name=\"twitter:data2\" content=\"2 minutos\" \/>\n<script type=\"application\/ld+json\" class=\"yoast-schema-graph\">{\"@context\":\"https:\/\/schema.org\",\"@graph\":[{\"@type\":\"Article\",\"@id\":\"https:\/\/www.delexodo.com.ar\/?p=10030#article\",\"isPartOf\":{\"@id\":\"https:\/\/www.delexodo.com.ar\/?p=10030\"},\"author\":{\"name\":\"admin\",\"@id\":\"https:\/\/www.delexodo.com.ar\/#\/schema\/person\/bbed37f7da8e938660b34f2013ba449d\"},\"headline\":\"NOGOY\u00c1: TRAS UN SINIESTRO VIAL FALLECI\u00d3 FRANCISCO REY, SENADOR SUPLENTE DPTAL.\",\"datePublished\":\"2023-10-30T02:40:23+00:00\",\"dateModified\":\"2023-10-30T02:40:25+00:00\",\"mainEntityOfPage\":{\"@id\":\"https:\/\/www.delexodo.com.ar\/?p=10030\"},\"wordCount\":450,\"publisher\":{\"@id\":\"https:\/\/www.delexodo.com.ar\/#organization\"},\"image\":{\"@id\":\"https:\/\/www.delexodo.com.ar\/?p=10030#primaryimage\"},\"thumbnailUrl\":\"https:\/\/www.delexodo.com.ar\/wp-content\/uploads\/2023\/10\/VIAL-REY.jpg\",\"keywords\":[\"destacar\"],\"articleSection\":[\"Destacados\",\"Nogoya\",\"NOTICIAS\",\"Policiales\"],\"inLanguage\":\"es\"},{\"@type\":\"WebPage\",\"@id\":\"https:\/\/www.delexodo.com.ar\/?p=10030\",\"url\":\"https:\/\/www.delexodo.com.ar\/?p=10030\",\"name\":\"NOGOY\u00c1: TRAS UN SINIESTRO VIAL FALLECI\u00d3 FRANCISCO REY, SENADOR SUPLENTE DPTAL. - Del \u00c9xodo Nogoy\u00e1\",\"isPartOf\":{\"@id\":\"https:\/\/www.delexodo.com.ar\/#website\"},\"primaryImageOfPage\":{\"@id\":\"https:\/\/www.delexodo.com.ar\/?p=10030#primaryimage\"},\"image\":{\"@id\":\"https:\/\/www.delexodo.com.ar\/?p=10030#primaryimage\"},\"thumbnailUrl\":\"https:\/\/www.delexodo.com.ar\/wp-content\/uploads\/2023\/10\/VIAL-REY.jpg\",\"datePublished\":\"2023-10-30T02:40:23+00:00\",\"dateModified\":\"2023-10-30T02:40:25+00:00\",\"breadcrumb\":{\"@id\":\"https:\/\/www.delexodo.com.ar\/?p=10030#breadcrumb\"},\"inLanguage\":\"es\",\"potentialAction\":[{\"@type\":\"ReadAction\",\"target\":[\"https:\/\/www.delexodo.com.ar\/?p=10030\"]}]},{\"@type\":\"ImageObject\",\"inLanguage\":\"es\",\"@id\":\"https:\/\/www.delexodo.com.ar\/?p=10030#primaryimage\",\"url\":\"https:\/\/www.delexodo.com.ar\/wp-content\/uploads\/2023\/10\/VIAL-REY.jpg\",\"contentUrl\":\"https:\/\/www.delexodo.com.ar\/wp-content\/uploads\/2023\/10\/VIAL-REY.jpg\",\"width\":1200,\"height\":644},{\"@type\":\"BreadcrumbList\",\"@id\":\"https:\/\/www.delexodo.com.ar\/?p=10030#breadcrumb\",\"itemListElement\":[{\"@type\":\"ListItem\",\"position\":1,\"name\":\"Portada\",\"item\":\"https:\/\/www.delexodo.com.ar\/\"},{\"@type\":\"ListItem\",\"position\":2,\"name\":\"NOGOY\u00c1: TRAS UN SINIESTRO VIAL FALLECI\u00d3 FRANCISCO REY, SENADOR SUPLENTE DPTAL.\"}]},{\"@type\":\"WebSite\",\"@id\":\"https:\/\/www.delexodo.com.ar\/#website\",\"url\":\"https:\/\/www.delexodo.com.ar\/\",\"name\":\"Del \u00c9xodo Nogoy\u00e1\",\"description\":\"El Portal de Noticias de la Regi\u00f3n\",\"publisher\":{\"@id\":\"https:\/\/www.delexodo.com.ar\/#organization\"},\"potentialAction\":[{\"@type\":\"SearchAction\",\"target\":{\"@type\":\"EntryPoint\",\"urlTemplate\":\"https:\/\/www.delexodo.com.ar\/?s={search_term_string}\"},\"query-input\":{\"@type\":\"PropertyValueSpecification\",\"valueRequired\":true,\"valueName\":\"search_term_string\"}}],\"inLanguage\":\"es\"},{\"@type\":\"Organization\",\"@id\":\"https:\/\/www.delexodo.com.ar\/#organization\",\"name\":\"Del \u00c9xodo Nogoy\u00e1\",\"url\":\"https:\/\/www.delexodo.com.ar\/\",\"logo\":{\"@type\":\"ImageObject\",\"inLanguage\":\"es\",\"@id\":\"https:\/\/www.delexodo.com.ar\/#\/schema\/logo\/image\/\",\"url\":\"https:\/\/www.delexodo.com.ar\/wp-content\/uploads\/2024\/10\/cropped-cropped-LOGO24.png\",\"contentUrl\":\"https:\/\/www.delexodo.com.ar\/wp-content\/uploads\/2024\/10\/cropped-cropped-LOGO24.png\",\"width\":512,\"height\":349,\"caption\":\"Del \u00c9xodo Nogoy\u00e1\"},\"image\":{\"@id\":\"https:\/\/www.delexodo.com.ar\/#\/schema\/logo\/image\/\"}},{\"@type\":\"Person\",\"@id\":\"https:\/\/www.delexodo.com.ar\/#\/schema\/person\/bbed37f7da8e938660b34f2013ba449d\",\"name\":\"admin\",\"image\":{\"@type\":\"ImageObject\",\"inLanguage\":\"es\",\"@id\":\"https:\/\/www.delexodo.com.ar\/#\/schema\/person\/image\/\",\"url\":\"https:\/\/secure.gravatar.com\/avatar\/6b1558d1b6df085f1901bd5bd98523d7?s=96&d=mm&r=g\",\"contentUrl\":\"https:\/\/secure.gravatar.com\/avatar\/6b1558d1b6df085f1901bd5bd98523d7?s=96&d=mm&r=g\",\"caption\":\"admin\"},\"url\":\"https:\/\/www.delexodo.com.ar\/?author=1\"}]}<\/script>\n<!-- \/ Yoast SEO plugin. -->","yoast_head_json":{"title":"NOGOY\u00c1: TRAS UN SINIESTRO VIAL FALLECI\u00d3 FRANCISCO REY, SENADOR SUPLENTE DPTAL. - Del \u00c9xodo Nogoy\u00e1","robots":{"index":"index","follow":"follow","max-snippet":"max-snippet:-1","max-image-preview":"max-image-preview:large","max-video-preview":"max-video-preview:-1"},"canonical":"https:\/\/www.delexodo.com.ar\/?p=10030","og_locale":"es_ES","og_type":"article","og_title":"NOGOY\u00c1: TRAS UN SINIESTRO VIAL FALLECI\u00d3 FRANCISCO REY, SENADOR SUPLENTE DPTAL. - Del \u00c9xodo Nogoy\u00e1","og_description":"Luego de ser derivado a Paran\u00e1, el dirigente pol\u00edtico Francisco Rey falleci\u00f3 en el hospital San Mart\u00edn a ra\u00edz de&hellip;","og_url":"https:\/\/www.delexodo.com.ar\/?p=10030","og_site_name":"Del \u00c9xodo Nogoy\u00e1","article_published_time":"2023-10-30T02:40:23+00:00","article_modified_time":"2023-10-30T02:40:25+00:00","og_image":[{"width":1200,"height":644,"url":"https:\/\/www.delexodo.com.ar\/wp-content\/uploads\/2023\/10\/VIAL-REY.jpg","type":"image\/jpeg"}],"author":"admin","twitter_card":"summary_large_image","twitter_misc":{"Escrito por":"admin","Tiempo de lectura":"2 minutos"},"schema":{"@context":"https:\/\/schema.org","@graph":[{"@type":"Article","@id":"https:\/\/www.delexodo.com.ar\/?p=10030#article","isPartOf":{"@id":"https:\/\/www.delexodo.com.ar\/?p=10030"},"author":{"name":"admin","@id":"https:\/\/www.delexodo.com.ar\/#\/schema\/person\/bbed37f7da8e938660b34f2013ba449d"},"headline":"NOGOY\u00c1: TRAS UN SINIESTRO VIAL FALLECI\u00d3 FRANCISCO REY, SENADOR SUPLENTE DPTAL.","datePublished":"2023-10-30T02:40:23+00:00","dateModified":"2023-10-30T02:40:25+00:00","mainEntityOfPage":{"@id":"https:\/\/www.delexodo.com.ar\/?p=10030"},"wordCount":450,"publisher":{"@id":"https:\/\/www.delexodo.com.ar\/#organization"},"image":{"@id":"https:\/\/www.delexodo.com.ar\/?p=10030#primaryimage"},"thumbnailUrl":"https:\/\/www.delexodo.com.ar\/wp-content\/uploads\/2023\/10\/VIAL-REY.jpg","keywords":["destacar"],"articleSection":["Destacados","Nogoya","NOTICIAS","Policiales"],"inLanguage":"es"},{"@type":"WebPage","@id":"https:\/\/www.delexodo.com.ar\/?p=10030","url":"https:\/\/www.delexodo.com.ar\/?p=10030","name":"NOGOY\u00c1: TRAS UN SINIESTRO VIAL FALLECI\u00d3 FRANCISCO REY, SENADOR SUPLENTE DPTAL. - Del \u00c9xodo Nogoy\u00e1","isPartOf":{"@id":"https:\/\/www.delexodo.com.ar\/#website"},"primaryImageOfPage":{"@id":"https:\/\/www.delexodo.com.ar\/?p=10030#primaryimage"},"image":{"@id":"https:\/\/www.delexodo.com.ar\/?p=10030#primaryimage"},"thumbnailUrl":"https:\/\/www.delexodo.com.ar\/wp-content\/uploads\/2023\/10\/VIAL-REY.jpg","datePublished":"2023-10-30T02:40:23+00:00","dateModified":"2023-10-30T02:40:25+00:00","breadcrumb":{"@id":"https:\/\/www.delexodo.com.ar\/?p=10030#breadcrumb"},"inLanguage":"es","potentialAction":[{"@type":"ReadAction","target":["https:\/\/www.delexodo.com.ar\/?p=10030"]}]},{"@type":"ImageObject","inLanguage":"es","@id":"https:\/\/www.delexodo.com.ar\/?p=10030#primaryimage","url":"https:\/\/www.delexodo.com.ar\/wp-content\/uploads\/2023\/10\/VIAL-REY.jpg","contentUrl":"https:\/\/www.delexodo.com.ar\/wp-content\/uploads\/2023\/10\/VIAL-REY.jpg","width":1200,"height":644},{"@type":"BreadcrumbList","@id":"https:\/\/www.delexodo.com.ar\/?p=10030#breadcrumb","itemListElement":[{"@type":"ListItem","position":1,"name":"Portada","item":"https:\/\/www.delexodo.com.ar\/"},{"@type":"ListItem","position":2,"name":"NOGOY\u00c1: TRAS UN SINIESTRO VIAL FALLECI\u00d3 FRANCISCO REY, SENADOR SUPLENTE DPTAL."}]},{"@type":"WebSite","@id":"https:\/\/www.delexodo.com.ar\/#website","url":"https:\/\/www.delexodo.com.ar\/","name":"Del \u00c9xodo Nogoy\u00e1","description":"El Portal de Noticias de la Regi\u00f3n","publisher":{"@id":"https:\/\/www.delexodo.com.ar\/#organization"},"potentialAction":[{"@type":"SearchAction","target":{"@type":"EntryPoint","urlTemplate":"https:\/\/www.delexodo.com.ar\/?s={search_term_string}"},"query-input":{"@type":"PropertyValueSpecification","valueRequired":true,"valueName":"search_term_string"}}],"inLanguage":"es"},{"@type":"Organization","@id":"https:\/\/www.delexodo.com.ar\/#organization","name":"Del \u00c9xodo Nogoy\u00e1","url":"https:\/\/www.delexodo.com.ar\/","logo":{"@type":"ImageObject","inLanguage":"es","@id":"https:\/\/www.delexodo.com.ar\/#\/schema\/logo\/image\/","url":"https:\/\/www.delexodo.com.ar\/wp-content\/uploads\/2024\/10\/cropped-cropped-LOGO24.png","contentUrl":"https:\/\/www.delexodo.com.ar\/wp-content\/uploads\/2024\/10\/cropped-cropped-LOGO24.png","width":512,"height":349,"caption":"Del \u00c9xodo Nogoy\u00e1"},"image":{"@id":"https:\/\/www.delexodo.com.ar\/#\/schema\/logo\/image\/"}},{"@type":"Person","@id":"https:\/\/www.delexodo.com.ar\/#\/schema\/person\/bbed37f7da8e938660b34f2013ba449d","name":"admin","image":{"@type":"ImageObject","inLanguage":"es","@id":"https:\/\/www.delexodo.com.ar\/#\/schema\/person\/image\/","url":"https:\/\/secure.gravatar.com\/avatar\/6b1558d1b6df085f1901bd5bd98523d7?s=96&d=mm&r=g","contentUrl":"https:\/\/secure.gravatar.com\/avatar\/6b1558d1b6df085f1901bd5bd98523d7?s=96&d=mm&r=g","caption":"admin"},"url":"https:\/\/www.delexodo.com.ar\/?author=1"}]}},"_links":{"self":[{"href":"https:\/\/www.delexodo.com.ar\/index.php?rest_route=\/wp\/v2\/posts\/10030","targetHints":{"allow":["GET"]}}],"collection":[{"href":"https:\/\/www.delexodo.com.ar\/index.php?rest_route=\/wp\/v2\/posts"}],"about":[{"href":"https:\/\/www.delexodo.com.ar\/index.php?rest_route=\/wp\/v2\/types\/post"}],"author":[{"embeddable":true,"href":"https:\/\/www.delexodo.com.ar\/index.php?rest_route=\/wp\/v2\/users\/1"}],"replies":[{"embeddable":true,"href":"https:\/\/www.delexodo.com.ar\/index.php?rest_route=%2Fwp%2Fv2%2Fcomments&post=10030"}],"version-history":[{"count":0,"href":"https:\/\/www.delexodo.com.ar\/index.php?rest_route=\/wp\/v2\/posts\/10030\/revisions"}],"wp:featuredmedia":[{"embeddable":true,"href":"https:\/\/www.delexodo.com.ar\/index.php?rest_route=\/wp\/v2\/media\/10032"}],"wp:attachment":[{"href":"https:\/\/www.delexodo.com.ar\/index.php?rest_route=%2Fwp%2Fv2%2Fmedia&parent=10030"}],"wp:term":[{"taxonomy":"category","embeddable":true,"href":"https:\/\/www.delexodo.com.ar\/index.php?rest_route=%2Fwp%2Fv2%2Fcategories&post=10030"},{"taxonomy":"post_tag","embeddable":true,"href":"https:\/\/www.delexodo.com.ar\/index.php?rest_route=%2Fwp%2Fv2%2Ftags&post=10030"}],"curies":[{"name":"wp","href":"https:\/\/api.w.org\/{rel}","templated":true}]}}